{"id":956,"date":"2014-07-14T18:25:20","date_gmt":"2014-07-14T18:25:20","guid":{"rendered":"http:\/\/www.stmarys-tallaght.ie\/site\/?p=956"},"modified":"2015-02-23T13:00:30","modified_gmt":"2015-02-23T13:00:30","slug":"sierpien-wakacje-notices-poles","status":"publish","type":"post","link":"https:\/\/www.stmarys-tallaght.ie\/site\/sierpien-wakacje-notices-poles\/","title":{"rendered":"Sierpie\u0144 &#8211; Wakacje (Notices for Poles)"},"content":{"rendered":"<p><strong>W sierpniu nie b\u0119dzie w naszym ko\u015bciele Mszy \u015awi\u0119tych oraz spowiedzi w j\u0119zyku polskim.<\/strong><\/p>\n<p>Zapraszamy na niedzielne msze \u015bwi\u0119te w j\u0119zyku angielskim, kt\u00f3re odprawiane s\u0105:<\/p>\n<p>w soboty o godz. 19.30 (Msza Wigilii Niedzieli)<\/p>\n<p>w niedziele o godz. 8.00, 9.00 (po irlandzku), 10.00, 11.15, 12.30, 18.00.<\/p>\n<p>&nbsp;<\/p>\n<p>Zapraszamy na<strong> Festyn Parafialny<\/strong> (FUN DAY),<\/p>\n<p>kt\u00f3ry odb\u0119dzie si\u0119 31 sierpnia w godz. 14.00-17.00<\/p>\n<p>na terenie klasztornych ogrod\u00f3w.<\/p>\n<p>W czasie Festynu wiele atrakcji dla dzieci i rodzin.<\/p>\n<p>Wst\u0119p wolny.<\/p>\n<p>&nbsp;<\/p>\n<p>We wrze\u015bniu wr\u00f3cimy do mszy \u015bwi\u0119tych w pierwsz\u0105 i trzeci\u0105 niedziel\u0119 miesi\u0105ca o 16.30 i spowiedzi po sobotniej mszy o 19.30 (okolo 20.10).<\/p>\n<p><strong>Pierwsza wrze\u015bniowa msza: 7 wrze\u015bnia o godz. 16.30<\/strong><\/p>\n","protected":false},"excerpt":{"rendered":"<p>W sierpniu nie b\u0119dzie w naszym ko\u015bciele Mszy \u015awi\u0119tych oraz spowiedzi w j\u0119zyku polskim. Zapraszamy na niedzielne msze \u015bwi\u0119te w j\u0119zyku angielskim, kt\u00f3re odprawiane s\u0105: w soboty o godz. 19.30 (Msza Wigilii Niedzieli) w niedziele o godz. 8.00, 9.00 (po irlandzku), 10.00, 11.15, 12.30, 18.00. &nbsp; Zapraszamy na Festyn Parafialny (FUN DAY), kt\u00f3ry odb\u0119dzie si\u0119<\/p>\n","protected":false},"author":2,"featured_media":0,"comment_status":"closed","ping_status":"open","sticky":false,"template":"","format":"standard","meta":{"footnotes":""},"categories":[40,59],"tags":[],"class_list":["post-956","post","type-post","status-publish","format-standard","hentry","category-news-for-poles","category-notices"],"_links":{"self":[{"href":"https:\/\/www.stmarys-tallaght.ie\/site\/wp-json\/wp\/v2\/posts\/956","targetHints":{"allow":["GET"]}}],"collection":[{"href":"https:\/\/www.stmarys-tallaght.ie\/site\/wp-json\/wp\/v2\/posts"}],"about":[{"href":"https:\/\/www.stmarys-tallaght.ie\/site\/wp-json\/wp\/v2\/types\/post"}],"author":[{"embeddable":true,"href":"https:\/\/www.stmarys-tallaght.ie\/site\/wp-json\/wp\/v2\/users\/2"}],"replies":[{"embeddable":true,"href":"https:\/\/www.stmarys-tallaght.ie\/site\/wp-json\/wp\/v2\/comments?post=956"}],"version-history":[{"count":1,"href":"https:\/\/www.stmarys-tallaght.ie\/site\/wp-json\/wp\/v2\/posts\/956\/revisions"}],"predecessor-version":[{"id":958,"href":"https:\/\/www.stmarys-tallaght.ie\/site\/wp-json\/wp\/v2\/posts\/956\/revisions\/958"}],"wp:attachment":[{"href":"https:\/\/www.stmarys-tallaght.ie\/site\/wp-json\/wp\/v2\/media?parent=956"}],"wp:term":[{"taxonomy":"category","embeddable":true,"href":"https:\/\/www.stmarys-tallaght.ie\/site\/wp-json\/wp\/v2\/categories?post=956"},{"taxonomy":"post_tag","embeddable":true,"href":"https:\/\/www.stmarys-tallaght.ie\/site\/wp-json\/wp\/v2\/tags?post=956"}],"curies":[{"name":"wp","href":"https:\/\/api.w.org\/{rel}","templated":true}]}}