{"id":89,"date":"2011-04-30T15:12:04","date_gmt":"2011-04-30T15:12:04","guid":{"rendered":"http:\/\/www.stmarys-tallaght.ie\/site\/?p=89"},"modified":"2014-12-18T12:04:16","modified_gmt":"2014-12-18T12:04:16","slug":"1maja2011","status":"publish","type":"post","link":"https:\/\/www.stmarys-tallaght.ie\/site\/1maja2011\/","title":{"rendered":"1 maja 2011"},"content":{"rendered":"<p style=\"text-align: justify;\"><em><em>Informujemy, \u017ce <strong>w dniu 1 maja 2011 nie b\u0119dzie mszy \u015bwi\u0119tej w j\u0119zyku polskim<\/strong>. Zapraszamy w tym dniu na <strong>czuwanie z okazji Niedzieli Mi\u0142osierdzia Bo\u017cego o godz. 15.00<\/strong>. W ramach czuwania celebrowana b\u0119dzie msza z elementami w j\u0119zyku polskim. W czasie czuwania <strong>b\u0119dziemy tak\u017ce dzi\u0119kowa\u0107 za beatyfikacj\u0119 papie\u017ca Jana Paw\u0142a II<\/strong>.<\/em><\/em><\/p>\n","protected":false},"excerpt":{"rendered":"<p>Informujemy, \u017ce w dniu 1 maja 2011 nie b\u0119dzie mszy \u015bwi\u0119tej w j\u0119zyku polskim. Zapraszamy w tym dniu na czuwanie z okazji Niedzieli Mi\u0142osierdzia Bo\u017cego o godz. 15.00. W ramach czuwania celebrowana b\u0119dzie msza z elementami w j\u0119zyku polskim. W czasie czuwania b\u0119dziemy tak\u017ce dzi\u0119kowa\u0107 za beatyfikacj\u0119 papie\u017ca Jana Paw\u0142a II.<\/p>\n","protected":false},"author":2,"featured_media":0,"comment_status":"closed","ping_status":"open","sticky":false,"template":"","format":"standard","meta":{"footnotes":""},"categories":[40],"tags":[],"class_list":["post-89","post","type-post","status-publish","format-standard","hentry","category-news-for-poles"],"_links":{"self":[{"href":"https:\/\/www.stmarys-tallaght.ie\/site\/wp-json\/wp\/v2\/posts\/89","targetHints":{"allow":["GET"]}}],"collection":[{"href":"https:\/\/www.stmarys-tallaght.ie\/site\/wp-json\/wp\/v2\/posts"}],"about":[{"href":"https:\/\/www.stmarys-tallaght.ie\/site\/wp-json\/wp\/v2\/types\/post"}],"author":[{"embeddable":true,"href":"https:\/\/www.stmarys-tallaght.ie\/site\/wp-json\/wp\/v2\/users\/2"}],"replies":[{"embeddable":true,"href":"https:\/\/www.stmarys-tallaght.ie\/site\/wp-json\/wp\/v2\/comments?post=89"}],"version-history":[{"count":1,"href":"https:\/\/www.stmarys-tallaght.ie\/site\/wp-json\/wp\/v2\/posts\/89\/revisions"}],"predecessor-version":[{"id":495,"href":"https:\/\/www.stmarys-tallaght.ie\/site\/wp-json\/wp\/v2\/posts\/89\/revisions\/495"}],"wp:attachment":[{"href":"https:\/\/www.stmarys-tallaght.ie\/site\/wp-json\/wp\/v2\/media?parent=89"}],"wp:term":[{"taxonomy":"category","embeddable":true,"href":"https:\/\/www.stmarys-tallaght.ie\/site\/wp-json\/wp\/v2\/categories?post=89"},{"taxonomy":"post_tag","embeddable":true,"href":"https:\/\/www.stmarys-tallaght.ie\/site\/wp-json\/wp\/v2\/tags?post=89"}],"curies":[{"name":"wp","href":"https:\/\/api.w.org\/{rel}","templated":true}]}}