{"id":8302,"date":"2025-10-27T12:13:03","date_gmt":"2025-10-27T12:13:03","guid":{"rendered":"https:\/\/www.stmarys-tallaght.ie\/site\/?p=8302"},"modified":"2025-10-27T12:13:34","modified_gmt":"2025-10-27T12:13:34","slug":"modlitwa-za-zmarlych-prayer-for-the-dead-polish","status":"publish","type":"post","link":"https:\/\/www.stmarys-tallaght.ie\/site\/modlitwa-za-zmarlych-prayer-for-the-dead-polish\/","title":{"rendered":"Modlitwa za zmar\u0142ych 2025 \u2013 Prayer for the dead (Polish)"},"content":{"rendered":"\n<p>Zgodnie z Tradycj\u0105 Ko\u015bcio\u0142a<\/p>\n\n\n\n<p>w listopadzie modlimy si\u0119 za&nbsp;<strong>Naszych Drogich Zmar\u0142ych.<\/strong><\/p>\n\n\n\n<p>W ich intencji odprawione zostan\u0105&nbsp;<strong>Msze \u015awi\u0119te<\/strong><\/p>\n\n\n\n<p><strong>w sobot\u0119, 1 listopada (Wszystkich \u015awi\u0119tych),\u00a0<\/strong><strong>o godz. 16.30,<\/strong><\/p>\n\n\n\n<p><strong>oraz w niedziel\u0119: 2 listopada o godz. 16.30<\/strong><\/p>\n\n\n\n<p>P\u00f3\u0142 godziny przed niedzieln\u0105 msz\u0105 (o godz. 16.00) b\u0119dziemy si\u0119 modli\u0107 za zmar\u0142ych podczas adoracji Naj\u015bwi\u0119tszego Sakramentu.<\/p>\n\n\n\n<p>Kartka wypominkowa do pobrania: <a href=\"https:\/\/www.stmarys-tallaght.ie\/site\/wp-content\/uploads\/2025\/10\/wypominki2025web.pdf\" data-type=\"link\" data-id=\"https:\/\/www.stmarys-tallaght.ie\/site\/wp-content\/uploads\/2025\/10\/wypominki2025web.pdf\">wypominki2025<\/a><\/p>\n\n\n\n<p><\/p>\n","protected":false},"excerpt":{"rendered":"<p>Zgodnie z Tradycj\u0105 Ko\u015bcio\u0142a w listopadzie modlimy si\u0119 za&nbsp;Naszych Drogich Zmar\u0142ych. W ich intencji odprawione zostan\u0105&nbsp;Msze \u015awi\u0119te w sobot\u0119, 1 listopada (Wszystkich \u015awi\u0119tych),\u00a0o godz. 16.30, oraz w niedziel\u0119: 2 listopada o godz. 16.30 P\u00f3\u0142 godziny przed niedzieln\u0105 msz\u0105 (o godz. 16.00) b\u0119dziemy si\u0119 modli\u0107 za zmar\u0142ych podczas adoracji Naj\u015bwi\u0119tszego Sakramentu. Kartka wypominkowa do pobrania: wypominki2025<\/p>\n","protected":false},"author":2,"featured_media":4505,"comment_status":"closed","ping_status":"open","sticky":false,"template":"","format":"standard","meta":{"footnotes":""},"categories":[40,20],"tags":[],"class_list":["post-8302","post","type-post","status-publish","format-standard","has-post-thumbnail","hentry","category-news-for-poles","category-parish-notices"],"_links":{"self":[{"href":"https:\/\/www.stmarys-tallaght.ie\/site\/wp-json\/wp\/v2\/posts\/8302","targetHints":{"allow":["GET"]}}],"collection":[{"href":"https:\/\/www.stmarys-tallaght.ie\/site\/wp-json\/wp\/v2\/posts"}],"about":[{"href":"https:\/\/www.stmarys-tallaght.ie\/site\/wp-json\/wp\/v2\/types\/post"}],"author":[{"embeddable":true,"href":"https:\/\/www.stmarys-tallaght.ie\/site\/wp-json\/wp\/v2\/users\/2"}],"replies":[{"embeddable":true,"href":"https:\/\/www.stmarys-tallaght.ie\/site\/wp-json\/wp\/v2\/comments?post=8302"}],"version-history":[{"count":2,"href":"https:\/\/www.stmarys-tallaght.ie\/site\/wp-json\/wp\/v2\/posts\/8302\/revisions"}],"predecessor-version":[{"id":8442,"href":"https:\/\/www.stmarys-tallaght.ie\/site\/wp-json\/wp\/v2\/posts\/8302\/revisions\/8442"}],"wp:featuredmedia":[{"embeddable":true,"href":"https:\/\/www.stmarys-tallaght.ie\/site\/wp-json\/wp\/v2\/media\/4505"}],"wp:attachment":[{"href":"https:\/\/www.stmarys-tallaght.ie\/site\/wp-json\/wp\/v2\/media?parent=8302"}],"wp:term":[{"taxonomy":"category","embeddable":true,"href":"https:\/\/www.stmarys-tallaght.ie\/site\/wp-json\/wp\/v2\/categories?post=8302"},{"taxonomy":"post_tag","embeddable":true,"href":"https:\/\/www.stmarys-tallaght.ie\/site\/wp-json\/wp\/v2\/tags?post=8302"}],"curies":[{"name":"wp","href":"https:\/\/api.w.org\/{rel}","templated":true}]}}