{"id":8157,"date":"2026-03-21T14:23:55","date_gmt":"2026-03-21T14:23:55","guid":{"rendered":"https:\/\/www.stmarys-tallaght.ie\/site\/?p=8157"},"modified":"2026-03-21T14:23:56","modified_gmt":"2026-03-21T14:23:56","slug":"wielki-tydzien-holy-week-for-poles","status":"publish","type":"post","link":"https:\/\/www.stmarys-tallaght.ie\/site\/wielki-tydzien-holy-week-for-poles\/","title":{"rendered":"Wielki Tydzie\u0144 (Holy Week for Poles) 2026"},"content":{"rendered":"<a href=\"https:\/\/www.stmarys-tallaght.ie\/site\/wp-content\/uploads\/2025\/04\/Wielki-Tydzien2026pl.pdf\" class=\"pdfemb-viewer\" style=\"\" data-width=\"max\" data-height=\"max\" data-toolbar=\"bottom\" data-toolbar-fixed=\"off\">Wielki-Tydzien2026pl<\/a>\n\n\n<p><a href=\"https:\/\/www.stmarys-tallaght.ie\/site\/wp-content\/uploads\/2024\/03\/Wielki-Tydzien2025pl.pdf\" target=\"_blank\" rel=\"noopener\">Pobierz program<\/a><\/p>\n\n\n\n<h2 style=\"text-align: center;\"><strong>Wielki Tydzie\u0144<br \/>Triduum Paschalne<\/strong><\/h2>\n<h3 style=\"text-align: center;\"><strong>Niedziela Palmowa (29 marca)<\/strong><\/h3>\n<p style=\"text-align: center;\">Msza \u015bw. &#8211; 16.30 (po polsku)<\/p>\n<h3 style=\"text-align: center;\"><strong>Wielki Czwartek (2 kwietnia)<\/strong><\/h3>\n<p style=\"text-align: center;\"><strong>Msza Wieczerzy Pa\u0144skiej \u2013 20.00 <\/strong>(po angielsku)<\/p>\n<h3 style=\"text-align: center;\"><strong>Wielki Pi\u0105tek (3 kwietnia)<\/strong><\/h3>\n<p style=\"text-align: center;\"><strong>Liturgia M\u0119ki Pa\u0144skiej \u2013 15.00<\/strong> (po angielsku)<br \/>Droga Krzy\u017cowa (po angielsku i polsku) \u2013 20.00<\/p>\n<h3 style=\"text-align: center;\"><strong>Wielka Sobota (4 kwietnia)<\/strong><\/h3>\n<p style=\"text-align: center;\"><strong>Liturgia Wigilii Paschalnej \u2013 21.00 <\/strong>(po angielsku)<\/p>\n<h3 style=\"text-align: center;\"><strong>Wielkanoc<br \/>Niedziela (5 kwietnia)<\/strong><\/h3>\n<p style=\"text-align: center;\">Msza Rezurekcyjna \u2013 7.00 (po polsku)<\/p>\n<p style=\"text-align: center;\">Msza \u015bw. &#8211; 16.30 (po polsku)<\/p>\n<p style=\"text-align: center;\">\u2014\u2014\u2014\u2014\u2014\u2014\u2014\u2014\u2014\u2014\u2014\u2014\u2014\u2014\u2014\u2014\u2014\u2014\u2014\u2014\u2014\u2014\u2014\u2014\u2014<\/p>\n<h3 style=\"text-align: center;\"><strong>Spowied\u017a Przed\u015bwi\u0105teczna (po polsku)<\/strong><\/h3>\n<p style=\"text-align: center;\">28 marca (sobota) \u2013 20.15-21.00<br \/>31 marca (wtorek) \u2013 18.30-19.30<\/p>\n<p style=\"text-align: center;\">\u2014\u2014\u2014\u2014\u2014\u2014\u2014\u2014\u2014\u2014\u2014\u2014\u2014\u2014\u2014\u2014\u2014\u2014\u2014\u2014\u2014\u2014\u2014\u2014\u2014-<\/p>\n<h3 style=\"text-align: center;\"><strong>\u015awi\u0119cenie Pokarm\u00f3w<\/strong><\/h3>\n<p style=\"text-align: center;\">Sobota, 4 kwietnia \u2013 <strong>11.00-13.00 oraz\u00a0 16.00-17.00<\/strong><\/p>\n<p>\u00a0<\/p>\n","protected":false},"excerpt":{"rendered":"<p>Pobierz program Wielki Tydzie\u0144Triduum Paschalne Niedziela Palmowa (29 marca) Msza \u015bw. &#8211; 16.30 (po polsku) Wielki Czwartek (2 kwietnia) Msza Wieczerzy Pa\u0144skiej \u2013 20.00 (po angielsku) Wielki Pi\u0105tek (3 kwietnia) Liturgia M\u0119ki Pa\u0144skiej \u2013 15.00 (po angielsku)Droga Krzy\u017cowa (po angielsku i polsku) \u2013 20.00 Wielka Sobota (4 kwietnia) Liturgia Wigilii Paschalnej \u2013 21.00 (po angielsku)<\/p>\n","protected":false},"author":2,"featured_media":5601,"comment_status":"closed","ping_status":"open","sticky":false,"template":"","format":"standard","meta":{"footnotes":""},"categories":[40,20],"tags":[],"class_list":["post-8157","post","type-post","status-publish","format-standard","has-post-thumbnail","hentry","category-news-for-poles","category-parish-notices"],"_links":{"self":[{"href":"https:\/\/www.stmarys-tallaght.ie\/site\/wp-json\/wp\/v2\/posts\/8157","targetHints":{"allow":["GET"]}}],"collection":[{"href":"https:\/\/www.stmarys-tallaght.ie\/site\/wp-json\/wp\/v2\/posts"}],"about":[{"href":"https:\/\/www.stmarys-tallaght.ie\/site\/wp-json\/wp\/v2\/types\/post"}],"author":[{"embeddable":true,"href":"https:\/\/www.stmarys-tallaght.ie\/site\/wp-json\/wp\/v2\/users\/2"}],"replies":[{"embeddable":true,"href":"https:\/\/www.stmarys-tallaght.ie\/site\/wp-json\/wp\/v2\/comments?post=8157"}],"version-history":[{"count":8,"href":"https:\/\/www.stmarys-tallaght.ie\/site\/wp-json\/wp\/v2\/posts\/8157\/revisions"}],"predecessor-version":[{"id":8583,"href":"https:\/\/www.stmarys-tallaght.ie\/site\/wp-json\/wp\/v2\/posts\/8157\/revisions\/8583"}],"wp:featuredmedia":[{"embeddable":true,"href":"https:\/\/www.stmarys-tallaght.ie\/site\/wp-json\/wp\/v2\/media\/5601"}],"wp:attachment":[{"href":"https:\/\/www.stmarys-tallaght.ie\/site\/wp-json\/wp\/v2\/media?parent=8157"}],"wp:term":[{"taxonomy":"category","embeddable":true,"href":"https:\/\/www.stmarys-tallaght.ie\/site\/wp-json\/wp\/v2\/categories?post=8157"},{"taxonomy":"post_tag","embeddable":true,"href":"https:\/\/www.stmarys-tallaght.ie\/site\/wp-json\/wp\/v2\/tags?post=8157"}],"curies":[{"name":"wp","href":"https:\/\/api.w.org\/{rel}","templated":true}]}}