{"id":7012,"date":"2021-06-05T22:12:03","date_gmt":"2021-06-05T21:12:03","guid":{"rendered":"http:\/\/www.stmarys-tallaght.ie\/site\/?p=7012"},"modified":"2021-06-19T14:14:15","modified_gmt":"2021-06-19T13:14:15","slug":"msze-w-jezyku-polskim-polish-mass","status":"publish","type":"post","link":"https:\/\/www.stmarys-tallaght.ie\/site\/msze-w-jezyku-polskim-polish-mass\/","title":{"rendered":"Msze w j\u0119zyku polskim (Polish Mass)"},"content":{"rendered":"\n<div class=\"h9e7qa53 l9j0dhe7 hpfvmrgz lzcic4wl\" tabindex=\"0\" role=\"gridcell\" data-scope=\"messages_table\">\n<div class=\"ni8dbmo4 stjgntxs ii04i59q\">\n<div class=\"l60d2q6s d1544ag0 sj5x9vvc tw6a2znq l9j0dhe7 ni8dbmo4 stjgntxs qlfml3jp inkptoze e72ty7fz qmr60zad jm1wdb64 qv66sw1b ljqsnud1 g6srhlxm\">\n<div class=\"ljqsnud1\">\n<div class=\"kvgmc6g5 cxmmr5t8 oygrvhab hcukyx3x c1et5uql\">\n<div dir=\"auto\">Od kilku tygodni mo\u017cna ju\u017c w Irlandii uczestniczy\u0107 we mszy \u015bwi\u0119tej w ko\u015bcio\u0142ach.<\/div>\n<div dir=\"auto\"><strong>Wr\u00f3cili\u015bmy r\u00f3wnie\u017c do sprawowania mszy w j\u0119zyku polskich w 1 i 3 niedziele miesi\u0105ca o godz. 16.30<\/strong>.<\/div>\n<div dir=\"auto\">Spowied\u017a w j\u0119zyku polskim w soboty po mszy o 19.30 (oko\u0142o 20.15).<\/div>\n<div dir=\"auto\">Najbli\u017csza msza \u015bwi\u0119ta w j\u0119zyku polskim w niedziel\u0119, 6 czerwca, o 16.30.<\/div>\n<div dir=\"auto\">Serdecznie wszystkich zapraszam<\/div>\n<\/div>\n<div dir=\"auto\">o. Robert<\/div>\n<\/div>\n<\/div>\n<\/div>\n<\/div>\n","protected":false},"excerpt":{"rendered":"<p>Od kilku tygodni mo\u017cna ju\u017c w Irlandii uczestniczy\u0107 we mszy \u015bwi\u0119tej w ko\u015bcio\u0142ach. Wr\u00f3cili\u015bmy r\u00f3wnie\u017c do sprawowania mszy w j\u0119zyku polskich w 1 i 3 niedziele miesi\u0105ca o godz. 16.30. Spowied\u017a w j\u0119zyku polskim w soboty po mszy o 19.30 (oko\u0142o 20.15). Najbli\u017csza msza \u015bwi\u0119ta w j\u0119zyku polskim w niedziel\u0119, 6 czerwca, o 16.30. Serdecznie<\/p>\n","protected":false},"author":2,"featured_media":6528,"comment_status":"closed","ping_status":"open","sticky":false,"template":"","format":"standard","meta":{"footnotes":""},"categories":[20],"tags":[],"class_list":["post-7012","post","type-post","status-publish","format-standard","has-post-thumbnail","hentry","category-parish-notices"],"_links":{"self":[{"href":"https:\/\/www.stmarys-tallaght.ie\/site\/wp-json\/wp\/v2\/posts\/7012","targetHints":{"allow":["GET"]}}],"collection":[{"href":"https:\/\/www.stmarys-tallaght.ie\/site\/wp-json\/wp\/v2\/posts"}],"about":[{"href":"https:\/\/www.stmarys-tallaght.ie\/site\/wp-json\/wp\/v2\/types\/post"}],"author":[{"embeddable":true,"href":"https:\/\/www.stmarys-tallaght.ie\/site\/wp-json\/wp\/v2\/users\/2"}],"replies":[{"embeddable":true,"href":"https:\/\/www.stmarys-tallaght.ie\/site\/wp-json\/wp\/v2\/comments?post=7012"}],"version-history":[{"count":1,"href":"https:\/\/www.stmarys-tallaght.ie\/site\/wp-json\/wp\/v2\/posts\/7012\/revisions"}],"predecessor-version":[{"id":7013,"href":"https:\/\/www.stmarys-tallaght.ie\/site\/wp-json\/wp\/v2\/posts\/7012\/revisions\/7013"}],"wp:featuredmedia":[{"embeddable":true,"href":"https:\/\/www.stmarys-tallaght.ie\/site\/wp-json\/wp\/v2\/media\/6528"}],"wp:attachment":[{"href":"https:\/\/www.stmarys-tallaght.ie\/site\/wp-json\/wp\/v2\/media?parent=7012"}],"wp:term":[{"taxonomy":"category","embeddable":true,"href":"https:\/\/www.stmarys-tallaght.ie\/site\/wp-json\/wp\/v2\/categories?post=7012"},{"taxonomy":"post_tag","embeddable":true,"href":"https:\/\/www.stmarys-tallaght.ie\/site\/wp-json\/wp\/v2\/tags?post=7012"}],"curies":[{"name":"wp","href":"https:\/\/api.w.org\/{rel}","templated":true}]}}