{"id":6894,"date":"2021-03-28T14:03:18","date_gmt":"2021-03-28T13:03:18","guid":{"rendered":"http:\/\/www.stmarys-tallaght.ie\/site\/?p=6894"},"modified":"2021-03-28T15:11:53","modified_gmt":"2021-03-28T14:11:53","slug":"wielki-tydzien-holy-week-for-poles-2021","status":"publish","type":"post","link":"https:\/\/www.stmarys-tallaght.ie\/site\/wielki-tydzien-holy-week-for-poles-2021\/","title":{"rendered":"Wielki Tydzie\u0144 (Holy Week for Poles) 2021"},"content":{"rendered":"\n<p>Ju\u017c za kilka dni b\u0119dziemy \u015bwi\u0119towali Wielkanoc.<\/p>\n<p>Niestety, ponownie w uroczysto\u015bciach Triduum Paschalnego w Irlandii b\u0119dziemy mogli uczestniczy\u0107 jedynie korzystaj\u0105c z telewizji lub Internetu.<\/p>\n<p>Zapraszam do uczestniczenia w liturgii transmitowanej z naszego ko\u015bcio\u0142a <a href=\"https:\/\/www.churchservices.tv\/tallaght?fbclid=IwAR3Gb3I3D8yWfS1ljOm5JntfH4VQFom6VUAhWLXhpeuzRDBYaPYKMK3-ATI\">https:\/\/www.churchservices.tv\/tallaght<\/a>#:<\/p>\n<p>\u00a0<\/p>\n<p>\u00a0<\/p>\n<p style=\"text-align: center;\"><strong>Czwartek (1 kwietnia)<br \/>Ciemna Jutrznia \u2013 10.00 <\/strong>(po angielsku)<strong><br \/>Msza Wieczerzy Pa\u0144skiej \u2013 20.00 <\/strong>(po angielsku)<\/p>\n<p style=\"text-align: center;\"><strong>Pi\u0105tek (2 kwietnia)<br \/>Ciemna Jutrznia \u2013 10.00 <\/strong>(po angielsku)<strong><br \/>Liturgia M\u0119ki Pa\u0144skiej \u2013 15.00 <\/strong>(po angielsku)<br \/>Droga Krzy\u017cowa (po angielsku i polsku) \u2013 20.00<\/p>\n<p style=\"text-align: center;\"><strong>Sobota (3 kwietnia)<br \/>Ciemna Jutrznia \u2013 10.00 <\/strong>(po angielsku)<strong><br \/>Liturgia Wigilii Paschalnej \u2013 21.00 <\/strong>(po angielsku)<\/p>\n<p style=\"text-align: center;\"><strong>Niedziela Wielkanocna (4 kwietnia)<\/strong><strong><br \/><\/strong>Msza Rezurekcyjna \u2013 7.00 (po polsku)<br \/>Msza Wielkanocna &#8211; 16.30 (po polsku)<\/p>\n<p style=\"text-align: center;\"><strong>Poniedzia\u0142ek Wielkanocny (5 kwietnia)<\/strong><strong><br \/><\/strong>Msza \u015bw. (po polsku) \u2013 16.30<br \/><br \/><\/p>\n<p>Do <strong>spowiedzi przed\u015bwi\u0105tecznej<\/strong> mo\u017cna b\u0119dzie przyst\u0105pi\u0107 umawiaj\u0105c si\u0119 ze mn\u0105 indywidualnie (tel. 0867363714).<\/p>\n<p><strong>\u015awi\u0119cenia pokarm\u00f3w wielkanocnych<\/strong> w Wielk\u0105 Sobot\u0119 r\u00f3wnie\u017c nie mo\u017ce odby\u0107 si\u0119 w ko\u015bciele. Podobnie, jak w zesz\u0142ym roku, zach\u0119cam Pa\u0144stwa do zorganizowania po\u015bwi\u0119cenia pokarm\u00f3w na rozpocz\u0119cie wielkanocnego \u015bniadania (za\u0142\u0105czam tekst b\u0142ogos\u0142awie\u0144stwa, kt\u00f3re mo\u017cna u\u017cy\u0107). Je\u015bli jednak kto\u015b z Pa\u0144stwa chcia\u0142by mie\u0107 pokarmy wielkanocne po\u015bwi\u0119cone przez ksi\u0119dza, prosz\u0119 przyj\u015b\u0107 do ko\u015bcio\u0142a w sobot\u0119 w godz. 11-13. B\u0119d\u0119 wtedy przed ko\u015bcio\u0142em i indywidualnie pob\u0142ogos\u0142awi\u0119 pa\u0144stwa koszyczki.<\/p>\n<p>Niech pragnienie spotkania z Jezusem, kt\u00f3ry za nas umar\u0142 i zmartwychwsta\u0142, otworzy nasze serca na \u0142ask\u0119, kt\u00f3r\u0105 w te \u015bwi\u0119te dni Pan Jezus dla nas przygotowa\u0142. Rozwa\u017cajmy w te dni M\u0119k\u0119 Pa\u0144sk\u0105, \u0142\u0105czmy si\u0119 duchowo w Liturgii Triduum i modlitwie. Starajmy si\u0119 zachowa\u0107 wielkanocne tradycje. Niech Pa\u0144stwa rodziny stan\u0105 si\u0119 w te dni prawdziwie \u201eKo\u015bcio\u0142em domowym\u201d.<\/p>\n<p>Niech Pan Jezus opiekuje si\u0119 Wami i utrzymuje Was w zdrowiu, oby\u015bcie w tym \u015bwi\u0119tym czasie do\u015bwiadczyli Jego obecno\u015bci i blisko\u015bci.<\/p>\n<p>Zapewniam o \u0142\u0105czno\u015bci z Wami w modlitwie.<\/p>\n<p>\u017bycz\u0119 Wam wszystkim radosnych \u015awi\u0105t!<\/p>\n<p>o. Robert Regu\u0142a OP<\/p>\n<p>\u00a0<\/p>\n\n\n\n<figure class=\"wp-block-image size-large\"><a href=\"http:\/\/www.stmarys-tallaght.ie\/site\/wp-content\/uploads\/2021\/03\/swiecenie-pokarmow.jpg\" target=\"_blank\" rel=\"noopener\"><img decoding=\"async\" width=\"724\" height=\"1024\" data-src=\"http:\/\/www.stmarys-tallaght.ie\/site\/wp-content\/uploads\/2021\/03\/swiecenie-pokarmow-724x1024.jpg\" alt=\"\" class=\"wp-image-6895 lazyload\" data-srcset=\"https:\/\/www.stmarys-tallaght.ie\/site\/wp-content\/uploads\/2021\/03\/swiecenie-pokarmow-724x1024.jpg 724w, https:\/\/www.stmarys-tallaght.ie\/site\/wp-content\/uploads\/2021\/03\/swiecenie-pokarmow-283x400.jpg 283w, https:\/\/www.stmarys-tallaght.ie\/site\/wp-content\/uploads\/2021\/03\/swiecenie-pokarmow-768x1087.jpg 768w, https:\/\/www.stmarys-tallaght.ie\/site\/wp-content\/uploads\/2021\/03\/swiecenie-pokarmow-1085x1536.jpg 1085w, https:\/\/www.stmarys-tallaght.ie\/site\/wp-content\/uploads\/2021\/03\/swiecenie-pokarmow-132x187.jpg 132w, https:\/\/www.stmarys-tallaght.ie\/site\/wp-content\/uploads\/2021\/03\/swiecenie-pokarmow-1170x1656.jpg 1170w, https:\/\/www.stmarys-tallaght.ie\/site\/wp-content\/uploads\/2021\/03\/swiecenie-pokarmow.jpg 1424w\" data-sizes=\"(max-width: 724px) 100vw, 724px\" src=\"data:image\/svg+xml;base64,PHN2ZyB3aWR0aD0iMSIgaGVpZ2h0PSIxIiB4bWxucz0iaHR0cDovL3d3dy53My5vcmcvMjAwMC9zdmciPjwvc3ZnPg==\" style=\"--smush-placeholder-width: 724px; --smush-placeholder-aspect-ratio: 724\/1024;\" \/><\/a><\/figure>\n","protected":false},"excerpt":{"rendered":"<p>Ju\u017c za kilka dni b\u0119dziemy \u015bwi\u0119towali Wielkanoc. Niestety, ponownie w uroczysto\u015bciach Triduum Paschalnego w Irlandii b\u0119dziemy mogli uczestniczy\u0107 jedynie korzystaj\u0105c z telewizji lub Internetu. Zapraszam do uczestniczenia w liturgii transmitowanej z naszego ko\u015bcio\u0142a https:\/\/www.churchservices.tv\/tallaght#: \u00a0 \u00a0 Czwartek (1 kwietnia)Ciemna Jutrznia \u2013 10.00 (po angielsku)Msza Wieczerzy Pa\u0144skiej \u2013 20.00 (po angielsku) Pi\u0105tek (2 kwietnia)Ciemna Jutrznia \u2013<\/p>\n","protected":false},"author":2,"featured_media":5601,"comment_status":"closed","ping_status":"open","sticky":false,"template":"","format":"standard","meta":{"footnotes":""},"categories":[40,59],"tags":[],"class_list":["post-6894","post","type-post","status-publish","format-standard","has-post-thumbnail","hentry","category-news-for-poles","category-notices"],"_links":{"self":[{"href":"https:\/\/www.stmarys-tallaght.ie\/site\/wp-json\/wp\/v2\/posts\/6894","targetHints":{"allow":["GET"]}}],"collection":[{"href":"https:\/\/www.stmarys-tallaght.ie\/site\/wp-json\/wp\/v2\/posts"}],"about":[{"href":"https:\/\/www.stmarys-tallaght.ie\/site\/wp-json\/wp\/v2\/types\/post"}],"author":[{"embeddable":true,"href":"https:\/\/www.stmarys-tallaght.ie\/site\/wp-json\/wp\/v2\/users\/2"}],"replies":[{"embeddable":true,"href":"https:\/\/www.stmarys-tallaght.ie\/site\/wp-json\/wp\/v2\/comments?post=6894"}],"version-history":[{"count":5,"href":"https:\/\/www.stmarys-tallaght.ie\/site\/wp-json\/wp\/v2\/posts\/6894\/revisions"}],"predecessor-version":[{"id":6901,"href":"https:\/\/www.stmarys-tallaght.ie\/site\/wp-json\/wp\/v2\/posts\/6894\/revisions\/6901"}],"wp:featuredmedia":[{"embeddable":true,"href":"https:\/\/www.stmarys-tallaght.ie\/site\/wp-json\/wp\/v2\/media\/5601"}],"wp:attachment":[{"href":"https:\/\/www.stmarys-tallaght.ie\/site\/wp-json\/wp\/v2\/media?parent=6894"}],"wp:term":[{"taxonomy":"category","embeddable":true,"href":"https:\/\/www.stmarys-tallaght.ie\/site\/wp-json\/wp\/v2\/categories?post=6894"},{"taxonomy":"post_tag","embeddable":true,"href":"https:\/\/www.stmarys-tallaght.ie\/site\/wp-json\/wp\/v2\/tags?post=6894"}],"curies":[{"name":"wp","href":"https:\/\/api.w.org\/{rel}","templated":true}]}}