{"id":373,"date":"2013-11-17T11:05:05","date_gmt":"2013-11-17T11:05:05","guid":{"rendered":"http:\/\/www.stmarys-tallaght.ie\/site\/?p=373"},"modified":"2015-02-23T13:01:13","modified_gmt":"2015-02-23T13:01:13","slug":"advent-2013","status":"publish","type":"post","link":"https:\/\/www.stmarys-tallaght.ie\/site\/advent-2013\/","title":{"rendered":"Adwent i Bo\u017ce Narodzenie 2013 \/ Advent and Christmas for Poles"},"content":{"rendered":"<p align=\"center\"><strong><span style=\"text-decoration: underline;\">Msze \u015bwi\u0119te w j\u0119zyku polskim<\/span><\/strong><\/p>\n<p align=\"center\"><strong><span style=\"text-decoration: underline;\">w grudniu:<\/span><\/strong><\/p>\n<p align=\"center\">Niedziela, 1 grudnia o godz. 16.30<\/p>\n<p align=\"center\">Niedziela, 8 grudnia o godz. 16.30<\/p>\n<p align=\"center\">Niedziela, 22 grudnia o godz. 16.30<br \/> (nie b\u0119dzie mszy 15 grudnia)<\/p>\n<p align=\"center\"><strong>Wigilia Bo\u017cego Narodzenia, 24 grudnia o godz. 24.00 (Pasterka)<\/strong><\/p>\n<p align=\"center\"><strong>Bo\u017ce Narodzenie, 25 grudnia o godz. 16.30<\/strong><\/p>\n<p align=\"center\">\u015aw Szczepana, 26 grudnia o godz. 11.15<\/p>\n<p align=\"center\">\u00a0<\/p>\n<p align=\"center\"><strong><span style=\"text-decoration: underline;\">Carol Service &#8211; Wiecz\u00f3r Kol\u0119dowy:<\/span><\/strong><\/p>\n<p align=\"center\">Niedziela, 15 grudnia o godz. 16.00<\/p>\n<p align=\"center\">\u00a0<\/p>\n<p align=\"center\"><strong><span style=\"text-decoration: underline;\">Spowied\u017a przed\u015bwi\u0105teczna w j\u0119z polskim:<\/span><\/strong><\/p>\n<p align=\"center\">Pi\u0105tek 20 grudnia, godz. 18.30<br \/> Sobota 21 grudnia, godz. 18.30<\/p>\n","protected":false},"excerpt":{"rendered":"<p>Msze \u015bwi\u0119te w j\u0119zyku polskim w grudniu: Niedziela, 1 grudnia o godz. 16.30 Niedziela, 8 grudnia o godz. 16.30 Niedziela, 22 grudnia o godz. 16.30 (nie b\u0119dzie mszy 15 grudnia) Wigilia Bo\u017cego Narodzenia, 24 grudnia o godz. 24.00 (Pasterka) Bo\u017ce Narodzenie, 25 grudnia o godz. 16.30 \u015aw Szczepana, 26 grudnia o godz. 11.15 \u00a0 Carol<\/p>\n","protected":false},"author":2,"featured_media":0,"comment_status":"closed","ping_status":"open","sticky":false,"template":"","format":"standard","meta":{"footnotes":""},"categories":[40,59],"tags":[],"class_list":["post-373","post","type-post","status-publish","format-standard","hentry","category-news-for-poles","category-notices"],"_links":{"self":[{"href":"https:\/\/www.stmarys-tallaght.ie\/site\/wp-json\/wp\/v2\/posts\/373","targetHints":{"allow":["GET"]}}],"collection":[{"href":"https:\/\/www.stmarys-tallaght.ie\/site\/wp-json\/wp\/v2\/posts"}],"about":[{"href":"https:\/\/www.stmarys-tallaght.ie\/site\/wp-json\/wp\/v2\/types\/post"}],"author":[{"embeddable":true,"href":"https:\/\/www.stmarys-tallaght.ie\/site\/wp-json\/wp\/v2\/users\/2"}],"replies":[{"embeddable":true,"href":"https:\/\/www.stmarys-tallaght.ie\/site\/wp-json\/wp\/v2\/comments?post=373"}],"version-history":[{"count":1,"href":"https:\/\/www.stmarys-tallaght.ie\/site\/wp-json\/wp\/v2\/posts\/373\/revisions"}],"predecessor-version":[{"id":483,"href":"https:\/\/www.stmarys-tallaght.ie\/site\/wp-json\/wp\/v2\/posts\/373\/revisions\/483"}],"wp:attachment":[{"href":"https:\/\/www.stmarys-tallaght.ie\/site\/wp-json\/wp\/v2\/media?parent=373"}],"wp:term":[{"taxonomy":"category","embeddable":true,"href":"https:\/\/www.stmarys-tallaght.ie\/site\/wp-json\/wp\/v2\/categories?post=373"},{"taxonomy":"post_tag","embeddable":true,"href":"https:\/\/www.stmarys-tallaght.ie\/site\/wp-json\/wp\/v2\/tags?post=373"}],"curies":[{"name":"wp","href":"https:\/\/api.w.org\/{rel}","templated":true}]}}