{"id":338,"date":"2013-07-19T19:38:32","date_gmt":"2013-07-19T19:38:32","guid":{"rendered":"http:\/\/www.stmarys-tallaght.ie\/site\/?p=338"},"modified":"2014-12-18T11:27:50","modified_gmt":"2014-12-18T11:27:50","slug":"sierpien-wakacje","status":"publish","type":"post","link":"https:\/\/www.stmarys-tallaght.ie\/site\/sierpien-wakacje\/","title":{"rendered":"Sierpie\u0144 &#8211; Wakacje (Notices for Poles)"},"content":{"rendered":"<p style=\"text-align: center;\"><strong>W sierpniu nie b\u0119dzie w naszym ko\u015bciele Mszy \u015awi\u0119tych oraz spowiedzi w j\u0119zyku polskim.<\/strong><\/p>\n<p style=\"text-align: center;\">Zapraszamy na niedzielne msze \u015bwi\u0119te w j\u0119zyku angielskim, kt\u00f3re odprawiane s\u0105:<\/p>\n<p style=\"text-align: center;\">w soboty o godz. 19.30 (Msza Wigilii Niedzieli)<\/p>\n<p style=\"text-align: center;\">w niedziele o godz. 8.00, 9.00 (po irlandzku), 10.00, 11.15, 12.30, 18.00.<\/p>\n<p style=\"text-align: center;\">\u00a0<\/p>\n<p style=\"text-align: center;\">Zapraszamy na<strong> Festyn Parafialny<\/strong> (FAN DAY),<\/p>\n<p style=\"text-align: center;\">kt\u00f3ry odb\u0119dzie si\u0119 25 sierpnia w godz. 14.00-17.00<\/p>\n<p style=\"text-align: center;\">na terenie klasztornych ogrod\u00f3w.<\/p>\n<p style=\"text-align: center;\">W czasie Festynu wiele atrakcji dla dzieci i rodzin.<\/p>\n<p style=\"text-align: center;\">Wst\u0119p wolny.<\/p>\n<p style=\"text-align: center;\">\u00a0<\/p>\n<p style=\"text-align: center;\">We wrze\u015bniu wr\u00f3cimy do mszy \u015bwi\u0119tych w pierwsz\u0105 i trzeci\u0105 niedziel\u0119 miesi\u0105ca o 16.30 i spowiedzi po sobotniej mszy o 19.30 (okolo 20.10).<\/p>\n<p style=\"text-align: center;\"><strong>Pierwsza wrze\u015bniowa msza: 1 wrze\u015bnia o godz. 16.30<\/strong><\/p>\n","protected":false},"excerpt":{"rendered":"<p>W sierpniu nie b\u0119dzie w naszym ko\u015bciele Mszy \u015awi\u0119tych oraz spowiedzi w j\u0119zyku polskim. Zapraszamy na niedzielne msze \u015bwi\u0119te w j\u0119zyku angielskim, kt\u00f3re odprawiane s\u0105: w soboty o godz. 19.30 (Msza Wigilii Niedzieli) w niedziele o godz. 8.00, 9.00 (po irlandzku), 10.00, 11.15, 12.30, 18.00. \u00a0 Zapraszamy na Festyn Parafialny (FAN DAY), kt\u00f3ry odb\u0119dzie si\u0119<\/p>\n","protected":false},"author":2,"featured_media":0,"comment_status":"closed","ping_status":"open","sticky":false,"template":"","format":"standard","meta":{"footnotes":""},"categories":[2,40],"tags":[],"class_list":["post-338","post","type-post","status-publish","format-standard","hentry","category-news","category-news-for-poles"],"_links":{"self":[{"href":"https:\/\/www.stmarys-tallaght.ie\/site\/wp-json\/wp\/v2\/posts\/338","targetHints":{"allow":["GET"]}}],"collection":[{"href":"https:\/\/www.stmarys-tallaght.ie\/site\/wp-json\/wp\/v2\/posts"}],"about":[{"href":"https:\/\/www.stmarys-tallaght.ie\/site\/wp-json\/wp\/v2\/types\/post"}],"author":[{"embeddable":true,"href":"https:\/\/www.stmarys-tallaght.ie\/site\/wp-json\/wp\/v2\/users\/2"}],"replies":[{"embeddable":true,"href":"https:\/\/www.stmarys-tallaght.ie\/site\/wp-json\/wp\/v2\/comments?post=338"}],"version-history":[{"count":1,"href":"https:\/\/www.stmarys-tallaght.ie\/site\/wp-json\/wp\/v2\/posts\/338\/revisions"}],"predecessor-version":[{"id":482,"href":"https:\/\/www.stmarys-tallaght.ie\/site\/wp-json\/wp\/v2\/posts\/338\/revisions\/482"}],"wp:attachment":[{"href":"https:\/\/www.stmarys-tallaght.ie\/site\/wp-json\/wp\/v2\/media?parent=338"}],"wp:term":[{"taxonomy":"category","embeddable":true,"href":"https:\/\/www.stmarys-tallaght.ie\/site\/wp-json\/wp\/v2\/categories?post=338"},{"taxonomy":"post_tag","embeddable":true,"href":"https:\/\/www.stmarys-tallaght.ie\/site\/wp-json\/wp\/v2\/tags?post=338"}],"curies":[{"name":"wp","href":"https:\/\/api.w.org\/{rel}","templated":true}]}}