{"id":3181,"date":"2025-11-24T17:37:49","date_gmt":"2025-11-24T17:37:49","guid":{"rendered":"http:\/\/www.stmarys-tallaght.ie\/site\/?p=3181"},"modified":"2025-11-24T20:08:13","modified_gmt":"2025-11-24T20:08:13","slug":"adwent-boze-narodzenie","status":"publish","type":"post","link":"https:\/\/www.stmarys-tallaght.ie\/site\/adwent-boze-narodzenie\/","title":{"rendered":"Adwent i Bo\u017ce Narodzenie 2025 (Advent and Christmas for Poles)"},"content":{"rendered":"\n<hr class=\"wp-block-separator has-alpha-channel-opacity\"\/>\n\n\n\n<h3 class=\"wp-block-heading has-text-align-center\" style=\"font-size:22px\"><strong>Msze \u015bwi\u0119te w j\u0119zyku polskim<\/strong><br><strong>w czasie Adwentu i Bo\u017cego Narodzenia:<\/strong><\/h3>\n\n\n\n<p class=\"has-text-align-center\"><strong>Niedziela, 30 grudnia o godz. 16.30<\/strong><br>(przeniesiona z 7 grudnia z powodu Carol Service)<\/p>\n\n\n\n<p class=\"has-text-align-center\"><strong>Niedziela, 21 grudnia o godz. 16.30<\/strong><\/p>\n\n\n\n<p class=\"has-text-align-center\"><strong>Wigilia Bo\u017cego Narodzenia, 24 grudnia o godz. 24.00 (Pasterka)<\/strong><\/p>\n\n\n\n<p class=\"has-text-align-center\"><strong>Bo\u017ce Narodzenie, 25 grudnia o godz. 16.30<\/strong><\/p>\n\n\n\n<p class=\"has-text-align-center\"><strong>\u015aw. Szczepana (2-gi dzie\u0144 \u015awi\u0105t), 26 grudnia o godz. 11.15<\/strong><\/p>\n\n\n\n<hr class=\"wp-block-separator has-alpha-channel-opacity\"\/>\n\n\n\n<h3 class=\"wp-block-heading has-text-align-center\" style=\"font-size:22px\"><strong>Carol Service \u2013 Wiecz\u00f3r Kol\u0119dowy:<\/strong><\/h3>\n\n\n\n<p class=\"has-text-align-center\">Niedziela, 7 grudnia o godz. 16.00<\/p>\n\n\n\n<hr class=\"wp-block-separator has-alpha-channel-opacity\"\/>\n\n\n\n<p class=\"has-text-align-center\" style=\"font-size:22px\"><strong>Spowied\u017a przed\u015bwi\u0105teczna w j\u0119z. polskim:<\/strong><\/p>\n\n\n\n<p class=\"has-text-align-center\">Sobota, 20 grudnia, godz. 20.15-20.45<br>Wtorek, 23 grudnia, godz. 18.30-19.30<\/p>\n\n\n\n<p class=\"has-text-align-center\"><\/p>\n\n\n\n<p class=\"has-text-align-center\"><\/p>\n\n\n\n<p class=\"has-text-align-center\"><\/p>\n\n\n\n<p class=\"has-text-align-center\"><\/p>\n","protected":false},"excerpt":{"rendered":"<p>Msze \u015bwi\u0119te w j\u0119zyku polskimw czasie Adwentu i Bo\u017cego Narodzenia: Niedziela, 30 grudnia o godz. 16.30(przeniesiona z 7 grudnia z powodu Carol Service) Niedziela, 21 grudnia o godz. 16.30 Wigilia Bo\u017cego Narodzenia, 24 grudnia o godz. 24.00 (Pasterka) Bo\u017ce Narodzenie, 25 grudnia o godz. 16.30 \u015aw. Szczepana (2-gi dzie\u0144 \u015awi\u0105t), 26 grudnia o godz. 11.15<\/p>\n","protected":false},"author":2,"featured_media":4705,"comment_status":"closed","ping_status":"open","sticky":false,"template":"","format":"standard","meta":{"footnotes":""},"categories":[40,59],"tags":[],"class_list":["post-3181","post","type-post","status-publish","format-standard","has-post-thumbnail","hentry","category-news-for-poles","category-notices"],"_links":{"self":[{"href":"https:\/\/www.stmarys-tallaght.ie\/site\/wp-json\/wp\/v2\/posts\/3181","targetHints":{"allow":["GET"]}}],"collection":[{"href":"https:\/\/www.stmarys-tallaght.ie\/site\/wp-json\/wp\/v2\/posts"}],"about":[{"href":"https:\/\/www.stmarys-tallaght.ie\/site\/wp-json\/wp\/v2\/types\/post"}],"author":[{"embeddable":true,"href":"https:\/\/www.stmarys-tallaght.ie\/site\/wp-json\/wp\/v2\/users\/2"}],"replies":[{"embeddable":true,"href":"https:\/\/www.stmarys-tallaght.ie\/site\/wp-json\/wp\/v2\/comments?post=3181"}],"version-history":[{"count":20,"href":"https:\/\/www.stmarys-tallaght.ie\/site\/wp-json\/wp\/v2\/posts\/3181\/revisions"}],"predecessor-version":[{"id":8496,"href":"https:\/\/www.stmarys-tallaght.ie\/site\/wp-json\/wp\/v2\/posts\/3181\/revisions\/8496"}],"wp:featuredmedia":[{"embeddable":true,"href":"https:\/\/www.stmarys-tallaght.ie\/site\/wp-json\/wp\/v2\/media\/4705"}],"wp:attachment":[{"href":"https:\/\/www.stmarys-tallaght.ie\/site\/wp-json\/wp\/v2\/media?parent=3181"}],"wp:term":[{"taxonomy":"category","embeddable":true,"href":"https:\/\/www.stmarys-tallaght.ie\/site\/wp-json\/wp\/v2\/categories?post=3181"},{"taxonomy":"post_tag","embeddable":true,"href":"https:\/\/www.stmarys-tallaght.ie\/site\/wp-json\/wp\/v2\/tags?post=3181"}],"curies":[{"name":"wp","href":"https:\/\/api.w.org\/{rel}","templated":true}]}}