{"id":2920,"date":"2015-10-03T12:05:16","date_gmt":"2015-10-03T12:05:16","guid":{"rendered":"http:\/\/www.stmarys-tallaght.ie\/site\/?p=2920"},"modified":"2015-10-03T12:08:23","modified_gmt":"2015-10-03T12:08:23","slug":"modlitwa-za-zmarlych-2015","status":"publish","type":"post","link":"https:\/\/www.stmarys-tallaght.ie\/site\/modlitwa-za-zmarlych-2015\/","title":{"rendered":"Modlitwa za zmar\u0142ych 2015 &#8211; Prayer for the dead"},"content":{"rendered":"<p style=\"text-align: center;\"><strong>Zgodnie z Tradycj\u0105 Ko\u015bcio\u0142a w miesi\u0105cu listopadzie<\/strong><\/p>\n<p style=\"text-align: center;\"><strong>modlimy si\u0119 za naszych drogich zmar\u0142ych.<\/strong><\/p>\n<p style=\"text-align: center;\">W ich intencji odprawione zostan\u0105 Msze \u015bwi\u0119te:<\/p>\n<p style=\"text-align: center;\"><strong>W niedziel\u0119, 1 listopada (Wszystkich \u015awi\u0119tych), o godz. 16.30<\/strong><\/p>\n<p style=\"text-align: center;\"><strong>oraz<\/strong><\/p>\n<p style=\"text-align: center;\"><strong>w niedziele: 15 listopada, o godz. 16.30<\/strong>.<\/p>\n<p style=\"text-align: center;\">30 minut przed mszami odm\u00f3wimy r\u00f3\u017caniec za zmar\u0142ych.<\/p>\n<p style=\"text-align: center;\">Kartki wypominkowe z imionami zmar\u0142ych mo\u017cna b\u0119dzie sk\u0142ada\u0107 przed mszami.<\/p>\n<p style=\"text-align: center;\">Kartka wypominkowa do pobrania: <a href=\"http:\/\/www.stmarys-tallaght.ie\/site\/wp-content\/uploads\/2015\/10\/wypominki2015web.pdf\">wypominki2015web<\/a><\/p>\n","protected":false},"excerpt":{"rendered":"<p>Zgodnie z Tradycj\u0105 Ko\u015bcio\u0142a w miesi\u0105cu listopadzie modlimy si\u0119 za naszych drogich zmar\u0142ych. W ich intencji odprawione zostan\u0105 Msze \u015bwi\u0119te: W niedziel\u0119, 1 listopada (Wszystkich \u015awi\u0119tych), o godz. 16.30 oraz w niedziele: 15 listopada, o godz. 16.30. 30 minut przed mszami odm\u00f3wimy r\u00f3\u017caniec za zmar\u0142ych. Kartki wypominkowe z imionami zmar\u0142ych mo\u017cna b\u0119dzie sk\u0142ada\u0107 przed mszami.<\/p>\n","protected":false},"author":2,"featured_media":0,"comment_status":"closed","ping_status":"open","sticky":false,"template":"","format":"standard","meta":{"footnotes":""},"categories":[40],"tags":[],"class_list":["post-2920","post","type-post","status-publish","format-standard","hentry","category-news-for-poles"],"_links":{"self":[{"href":"https:\/\/www.stmarys-tallaght.ie\/site\/wp-json\/wp\/v2\/posts\/2920","targetHints":{"allow":["GET"]}}],"collection":[{"href":"https:\/\/www.stmarys-tallaght.ie\/site\/wp-json\/wp\/v2\/posts"}],"about":[{"href":"https:\/\/www.stmarys-tallaght.ie\/site\/wp-json\/wp\/v2\/types\/post"}],"author":[{"embeddable":true,"href":"https:\/\/www.stmarys-tallaght.ie\/site\/wp-json\/wp\/v2\/users\/2"}],"replies":[{"embeddable":true,"href":"https:\/\/www.stmarys-tallaght.ie\/site\/wp-json\/wp\/v2\/comments?post=2920"}],"version-history":[{"count":3,"href":"https:\/\/www.stmarys-tallaght.ie\/site\/wp-json\/wp\/v2\/posts\/2920\/revisions"}],"predecessor-version":[{"id":2924,"href":"https:\/\/www.stmarys-tallaght.ie\/site\/wp-json\/wp\/v2\/posts\/2920\/revisions\/2924"}],"wp:attachment":[{"href":"https:\/\/www.stmarys-tallaght.ie\/site\/wp-json\/wp\/v2\/media?parent=2920"}],"wp:term":[{"taxonomy":"category","embeddable":true,"href":"https:\/\/www.stmarys-tallaght.ie\/site\/wp-json\/wp\/v2\/categories?post=2920"},{"taxonomy":"post_tag","embeddable":true,"href":"https:\/\/www.stmarys-tallaght.ie\/site\/wp-json\/wp\/v2\/tags?post=2920"}],"curies":[{"name":"wp","href":"https:\/\/api.w.org\/{rel}","templated":true}]}}