{"id":2774,"date":"2015-08-10T09:06:05","date_gmt":"2015-08-10T09:06:05","guid":{"rendered":"http:\/\/www.stmarys-tallaght.ie\/site\/?p=2774"},"modified":"2015-08-10T09:06:05","modified_gmt":"2015-08-10T09:06:05","slug":"najblizsze-msze-w-jezyku-polskim-sierpien-wrzesien-2015","status":"publish","type":"post","link":"https:\/\/www.stmarys-tallaght.ie\/site\/najblizsze-msze-w-jezyku-polskim-sierpien-wrzesien-2015\/","title":{"rendered":"Najbli\u017csze msze w j\u0119zyku polskim (sierpie\u0144 &#8211; wrzesie\u0144 2015)"},"content":{"rendered":"<p>Najbli\u017csza msza w j\u0119zyku polskim odb\u0119dzie si\u0119 w niedziel\u0119, 16 sierpnia 2015 o godz. 16.30<\/p>\n<p>Informujemy, \u017ce nie b\u0119dzie mszy polskiej w pierwsz\u0105 niedziel\u0119 wrze\u015bnia (6.09). Msza w trzecia niedziel\u0119 wrze\u015bnia (20.09) odb\u0119dzie si\u0119 normalnie.<\/p>\n","protected":false},"excerpt":{"rendered":"<p>Najbli\u017csza msza w j\u0119zyku polskim odb\u0119dzie si\u0119 w niedziel\u0119, 16 sierpnia 2015 o godz. 16.30 Informujemy, \u017ce nie b\u0119dzie mszy polskiej w pierwsz\u0105 niedziel\u0119 wrze\u015bnia (6.09). Msza w trzecia niedziel\u0119 wrze\u015bnia (20.09) odb\u0119dzie si\u0119 normalnie.<\/p>\n","protected":false},"author":2,"featured_media":0,"comment_status":"closed","ping_status":"open","sticky":false,"template":"","format":"standard","meta":{"footnotes":""},"categories":[40],"tags":[],"class_list":["post-2774","post","type-post","status-publish","format-standard","hentry","category-news-for-poles"],"_links":{"self":[{"href":"https:\/\/www.stmarys-tallaght.ie\/site\/wp-json\/wp\/v2\/posts\/2774","targetHints":{"allow":["GET"]}}],"collection":[{"href":"https:\/\/www.stmarys-tallaght.ie\/site\/wp-json\/wp\/v2\/posts"}],"about":[{"href":"https:\/\/www.stmarys-tallaght.ie\/site\/wp-json\/wp\/v2\/types\/post"}],"author":[{"embeddable":true,"href":"https:\/\/www.stmarys-tallaght.ie\/site\/wp-json\/wp\/v2\/users\/2"}],"replies":[{"embeddable":true,"href":"https:\/\/www.stmarys-tallaght.ie\/site\/wp-json\/wp\/v2\/comments?post=2774"}],"version-history":[{"count":1,"href":"https:\/\/www.stmarys-tallaght.ie\/site\/wp-json\/wp\/v2\/posts\/2774\/revisions"}],"predecessor-version":[{"id":2776,"href":"https:\/\/www.stmarys-tallaght.ie\/site\/wp-json\/wp\/v2\/posts\/2774\/revisions\/2776"}],"wp:attachment":[{"href":"https:\/\/www.stmarys-tallaght.ie\/site\/wp-json\/wp\/v2\/media?parent=2774"}],"wp:term":[{"taxonomy":"category","embeddable":true,"href":"https:\/\/www.stmarys-tallaght.ie\/site\/wp-json\/wp\/v2\/categories?post=2774"},{"taxonomy":"post_tag","embeddable":true,"href":"https:\/\/www.stmarys-tallaght.ie\/site\/wp-json\/wp\/v2\/tags?post=2774"}],"curies":[{"name":"wp","href":"https:\/\/api.w.org\/{rel}","templated":true}]}}