{"id":229,"date":"2013-10-31T00:00:00","date_gmt":"2013-10-31T00:00:00","guid":{"rendered":"http:\/\/www.stmarys-tallaght.ie\/site\/?p=229"},"modified":"2014-12-18T11:18:19","modified_gmt":"2014-12-18T11:18:19","slug":"prayer-for-the-dead-2013","status":"publish","type":"post","link":"https:\/\/www.stmarys-tallaght.ie\/site\/prayer-for-the-dead-2013\/","title":{"rendered":"Prayer for the Dead 2013 &#8211; Modlitwa za zmar\u0142ych 2013"},"content":{"rendered":"<p style=\"text-align: center;\"><strong>Zgodnie z Tradycj\u0105 Ko\u015bcio\u0142a w miesi\u0105cu listopadzie<\/strong><\/p>\n<p style=\"text-align: center;\"><strong>modlimy si\u0119 za naszych drogich zmar\u0142ych.<\/p>\n<p>W ich intencji odprawione zostan\u0105 Msze \u015bwi\u0119te:<\/p>\n<p>W pi\u0105tek, 1 listopada (Wszystkich \u015awi\u0119tych), o godz. 19.00<\/strong><\/p>\n<p style=\"text-align: center;\"><strong>oraz<\/strong><\/p>\n<p style=\"text-align: center;\"><strong>w niedziele: 3 i 17 listopada o godz. 16.30<\/strong>.<\/p>\n<p>20 minut przed mszami odm\u00f3wimy r\u00f3\u017caniec za zmar\u0142ych.<\/p>\n<p>Kartki wypominkowe z imionami zmar\u0142ych mo\u017cna b\u0119dzie sk\u0142ada\u0107 przed mszami.<\/p>\n<p>Kartka wypominkowa do pobrania: <a href=\"http:\/\/www.stmarys-tallaght.ie\/site\/wp-content\/uploads\/2013\/10\/wypominki2013.pdf\" target=\"_blank\" onclick=\"window.open('http:\/\/www.stmarys-tallaght.ie\/portal\/images\/stories\/notices\/wypominki2013.pdf','Wypominki 2013','resizable=yes,left='+(screen.availWidth\/2-0)+',top='+(screen.availHeight\/2-0)+'');return false;\">wypominki2013.pdf<\/a><\/p>\n","protected":false},"excerpt":{"rendered":"<p>Zgodnie z Tradycj\u0105 Ko\u015bcio\u0142a w miesi\u0105cu listopadzie modlimy si\u0119 za naszych drogich zmar\u0142ych. W ich intencji odprawione zostan\u0105 Msze \u015bwi\u0119te: W pi\u0105tek, 1 listopada (Wszystkich \u015awi\u0119tych), o godz. 19.00 oraz w niedziele: 3 i 17 listopada o godz. 16.30. 20 minut przed mszami odm\u00f3wimy r\u00f3\u017caniec za zmar\u0142ych. Kartki wypominkowe z imionami zmar\u0142ych mo\u017cna b\u0119dzie sk\u0142ada\u0107<\/p>\n","protected":false},"author":2,"featured_media":0,"comment_status":"closed","ping_status":"open","sticky":false,"template":"","format":"standard","meta":{"footnotes":""},"categories":[2,40],"tags":[],"class_list":["post-229","post","type-post","status-publish","format-standard","hentry","category-news","category-news-for-poles"],"_links":{"self":[{"href":"https:\/\/www.stmarys-tallaght.ie\/site\/wp-json\/wp\/v2\/posts\/229","targetHints":{"allow":["GET"]}}],"collection":[{"href":"https:\/\/www.stmarys-tallaght.ie\/site\/wp-json\/wp\/v2\/posts"}],"about":[{"href":"https:\/\/www.stmarys-tallaght.ie\/site\/wp-json\/wp\/v2\/types\/post"}],"author":[{"embeddable":true,"href":"https:\/\/www.stmarys-tallaght.ie\/site\/wp-json\/wp\/v2\/users\/2"}],"replies":[{"embeddable":true,"href":"https:\/\/www.stmarys-tallaght.ie\/site\/wp-json\/wp\/v2\/comments?post=229"}],"version-history":[{"count":1,"href":"https:\/\/www.stmarys-tallaght.ie\/site\/wp-json\/wp\/v2\/posts\/229\/revisions"}],"predecessor-version":[{"id":485,"href":"https:\/\/www.stmarys-tallaght.ie\/site\/wp-json\/wp\/v2\/posts\/229\/revisions\/485"}],"wp:attachment":[{"href":"https:\/\/www.stmarys-tallaght.ie\/site\/wp-json\/wp\/v2\/media?parent=229"}],"wp:term":[{"taxonomy":"category","embeddable":true,"href":"https:\/\/www.stmarys-tallaght.ie\/site\/wp-json\/wp\/v2\/categories?post=229"},{"taxonomy":"post_tag","embeddable":true,"href":"https:\/\/www.stmarys-tallaght.ie\/site\/wp-json\/wp\/v2\/tags?post=229"}],"curies":[{"name":"wp","href":"https:\/\/api.w.org\/{rel}","templated":true}]}}