{"id":180,"date":"2012-05-11T20:02:17","date_gmt":"2012-05-11T20:02:17","guid":{"rendered":"http:\/\/www.stmarys-tallaght.ie\/site\/?p=180"},"modified":"2014-12-18T11:50:55","modified_gmt":"2014-12-18T11:50:55","slug":"kabaret-moralnego-niepokoju-w-irlandii","status":"publish","type":"post","link":"https:\/\/www.stmarys-tallaght.ie\/site\/kabaret-moralnego-niepokoju-w-irlandii\/","title":{"rendered":"Kabaret Moralnego Niepokoju w Irlandii"},"content":{"rendered":"<p><strong>Kabaret Moralnego Niepokoju w Irlandii<\/strong><\/p>\n<p><strong>Jeden z najpopularniejszych polskich\u00a0\u00a0kabaret\u00f3w zawita z wyst\u0119pami do Dublina i Cork. Kabaret Moralnego Niepokoju da w sumie\u00a0\u00a0cztery przedstawienia\u00a026 maja\u00a0(Cork School of Music) oraz\u00a027 maja\u00a0(Dublin \u2013 Tivoli Theatre).<\/strong><\/p>\n<p>Naukowcy stwierdzili, \u017ce gdyby wszystkie teksty Roberta G\u00f3rskiego po\u0142\u0105czy\u0107 w jeden, to mia\u0142by on d\u0142ugo\u015b\u0107 120,228 km. Oznacza to, \u017ce m\u00f3g\u0142by trzykrotnie okr\u0105\u017cy\u0107 Ziemi\u0119, a nawet \u015bmia\u0142o ruszy\u0107 na podb\u00f3j galaktyki.\u00a0\u00a0I w\u0142a\u015bnie z programem Galaktikos przyjedzie na Zielon\u0105 Wysp\u0119 jeden z najlepszych kabaret\u00f3w w Polsce.\u00a0\u00a0Podczas ponad dwugodzinnego show przeniesiemy si\u0119 mi\u0119dzy innymi do studia radiowego, poznamy rasowego wie\u015bniaka, zobaczymy jak nasi rodacy pr\u00f3buj\u0105 kupi\u0107 w Londynie kebab z jagni\u0119ciny.<\/p>\n<p>Kabaret Moralnego Niepokoju da 2 wyst\u0119py w Cork (Cork School of Music)\u00a026 maja o godz. 18.00\u00a0\u00a0i 20.30 oraz 2 wyst\u0119py w Dublinie (Tivoli Theatre) o godz. 17.00 i 19.30.<\/p>\n<p>  <!--more-->  <\/p>\n<p>\u00a0<\/p>\n<p>\u00a0<\/p>\n<p><strong>BILETY w cenie 28 euro DO NABYCIA\u00a0\u00a0<span style=\"text-decoration: underline;\">PO 15 KWIETNIA:<\/span><\/strong><\/p>\n<p><strong>REGION DUBLIN<\/strong><\/p>\n<p>\u00b7\u00a0\u00a0\u00a0\u00a0\u00a0\u00a0\u00a0\u00a0\u00a0<strong>Sklep MR\u00d3Z,<\/strong> Moore Street Mall Shopping Centre, Dublin 1, (podziemia LIDL)<\/p>\n<p>\u00b7\u00a0\u00a0\u00a0\u00a0\u00a0\u00a0\u00a0\u00a0\u00a0<strong>Sklep MR\u00d3Z,<\/strong> Unit 39, Coolmine Industrial estate, Blanchardstown, Dublin 15<\/p>\n<p>\u00b7\u00a0\u00a0\u00a0\u00a0\u00a0\u00a0\u00a0\u00a0\u00a0<strong>Sklep MR\u00d3Z, <\/strong>Belgard Square, Tallaght, Dublin 24<\/p>\n<p>\u00b7\u00a0\u00a0\u00a0\u00a0\u00a0\u00a0\u00a0\u00a0\u00a0<strong>Sklep MR\u00d3Z, <\/strong>Glasnevin Finglas Industrial Estate\u00a0131 D, Slaney Road\u00a0(obok Lidla)<\/p>\n<p>\u00b7\u00a0\u00a0\u00a0\u00a0\u00a0\u00a0\u00a0\u00a0\u00a0<strong>Sklep MR\u00d3Z, <\/strong>9 Town Centre Mall, Main Street, Swords<\/p>\n<p>\u00b7\u00a0\u00a0\u00a0\u00a0\u00a0\u00a0\u00a0\u00a0\u00a0<strong>Sklep KLIF, <\/strong>Clondalkin, Dublin<\/p>\n<p>\u00b7\u00a0\u00a0\u00a0\u00a0\u00a0\u00a0\u00a0\u00a0\u00a0<strong>Sklep KLIF,<\/strong> Dublin Road, Naas<\/p>\n<p><strong>REGION CORK<\/strong><\/p>\n<p>\u00a0<\/p>\n<p>\u00b7\u00a0\u00a0\u00a0\u00a0\u00a0\u00a0\u00a0\u00a0\u00a0<strong>Sklep PEWEX,<\/strong> 16-17 Leitrim Street, Cork<\/p>\n<p>\u00b7\u00a0\u00a0\u00a0\u00a0\u00a0\u00a0\u00a0\u00a0\u00a0<strong>Sklep PEWEX,<\/strong> 11 High Street, Tralee<\/p>\n<p>\u00b7\u00a0\u00a0\u00a0\u00a0\u00a0\u00a0\u00a0\u00a0\u00a0<strong>Sklep PEWEX,<\/strong> Unit\u00a03 Park Place, High Street, Killarney<\/p>\n<p>\u00b7\u00a0\u00a0\u00a0\u00a0\u00a0\u00a0\u00a0\u00a0\u00a0<strong>Sklep PEWEX, <\/strong>Unit 2 Central Point, Park Road, Killarney<\/p>\n<p>\u00b7\u00a0\u00a0\u00a0\u00a0\u00a0\u00a0\u00a0\u00a0\u00a0<strong>M&amp;H Satellite System, <\/strong>3 Tramway Terrace, East Douglas Street, Douglas, Cork (200m od nowego TESCO i McDonald\u2019s)<\/p>\n<p>\u00b7\u00a0\u00a0\u00a0\u00a0\u00a0\u00a0\u00a0\u00a0\u00a0<strong>Salon Prasowy BADACZ, <\/strong>10 Paul Street, Cork<\/p>\n<p><strong> Wszelkich informacji mozna uzyskac pod numerem tel\u00a0<a href=\"tel:087%20647%2092%2057\" target=\"_blank\">087 647 92 57<\/a><\/strong><\/p>\n","protected":false},"excerpt":{"rendered":"<p>Kabaret Moralnego Niepokoju w Irlandii Jeden z najpopularniejszych polskich\u00a0\u00a0kabaret\u00f3w zawita z wyst\u0119pami do Dublina i Cork. Kabaret Moralnego Niepokoju da w sumie\u00a0\u00a0cztery przedstawienia\u00a026 maja\u00a0(Cork School of Music) oraz\u00a027 maja\u00a0(Dublin \u2013 Tivoli Theatre). Naukowcy stwierdzili, \u017ce gdyby wszystkie teksty Roberta G\u00f3rskiego po\u0142\u0105czy\u0107 w jeden, to mia\u0142by on d\u0142ugo\u015b\u0107 120,228 km. Oznacza to, \u017ce m\u00f3g\u0142by trzykrotnie okr\u0105\u017cy\u0107<\/p>\n","protected":false},"author":2,"featured_media":0,"comment_status":"closed","ping_status":"open","sticky":false,"template":"","format":"standard","meta":{"footnotes":""},"categories":[2,40],"tags":[],"class_list":["post-180","post","type-post","status-publish","format-standard","hentry","category-news","category-news-for-poles"],"_links":{"self":[{"href":"https:\/\/www.stmarys-tallaght.ie\/site\/wp-json\/wp\/v2\/posts\/180","targetHints":{"allow":["GET"]}}],"collection":[{"href":"https:\/\/www.stmarys-tallaght.ie\/site\/wp-json\/wp\/v2\/posts"}],"about":[{"href":"https:\/\/www.stmarys-tallaght.ie\/site\/wp-json\/wp\/v2\/types\/post"}],"author":[{"embeddable":true,"href":"https:\/\/www.stmarys-tallaght.ie\/site\/wp-json\/wp\/v2\/users\/2"}],"replies":[{"embeddable":true,"href":"https:\/\/www.stmarys-tallaght.ie\/site\/wp-json\/wp\/v2\/comments?post=180"}],"version-history":[{"count":1,"href":"https:\/\/www.stmarys-tallaght.ie\/site\/wp-json\/wp\/v2\/posts\/180\/revisions"}],"predecessor-version":[{"id":490,"href":"https:\/\/www.stmarys-tallaght.ie\/site\/wp-json\/wp\/v2\/posts\/180\/revisions\/490"}],"wp:attachment":[{"href":"https:\/\/www.stmarys-tallaght.ie\/site\/wp-json\/wp\/v2\/media?parent=180"}],"wp:term":[{"taxonomy":"category","embeddable":true,"href":"https:\/\/www.stmarys-tallaght.ie\/site\/wp-json\/wp\/v2\/categories?post=180"},{"taxonomy":"post_tag","embeddable":true,"href":"https:\/\/www.stmarys-tallaght.ie\/site\/wp-json\/wp\/v2\/tags?post=180"}],"curies":[{"name":"wp","href":"https:\/\/api.w.org\/{rel}","templated":true}]}}