{"id":1597,"date":"2014-12-17T10:07:25","date_gmt":"2014-12-17T10:07:25","guid":{"rendered":"http:\/\/www.stmarys-tallaght.ie\/site\/?p=1597"},"modified":"2015-02-23T13:00:40","modified_gmt":"2015-02-23T13:00:40","slug":"polskie-dzieci-cicha-noc","status":"publish","type":"post","link":"https:\/\/www.stmarys-tallaght.ie\/site\/polskie-dzieci-cicha-noc\/","title":{"rendered":"Polskie dzieci: &#8220;Cicha noc&#8221;"},"content":{"rendered":"<p style=\"text-align: justify;\">Polskie dzieci ze szko\u0142y St. Mary&#8217;s \u015bpiewaj\u0105 &#8220;Cich\u0105 noc&#8221; podczas Koncertu kol\u0119dowego w ko\u015bciele, 16.12.2014:<\/p>\n<p><iframe data-src=\"\/\/www.youtube.com\/embed\/STsYFHuF_oY\" width=\"414\" height=\"241\" src=\"data:image\/svg+xml;base64,PHN2ZyB3aWR0aD0iMSIgaGVpZ2h0PSIxIiB4bWxucz0iaHR0cDovL3d3dy53My5vcmcvMjAwMC9zdmciPjwvc3ZnPg==\" class=\"lazyload\" data-load-mode=\"1\"><\/iframe><\/p>\n","protected":false},"excerpt":{"rendered":"<p>Polskie dzieci ze szko\u0142y St. Mary&#8217;s \u015bpiewaj\u0105 &#8220;Cich\u0105 noc&#8221; podczas Koncertu kol\u0119dowego w ko\u015bciele, 16.12.2014:<\/p>\n","protected":false},"author":2,"featured_media":0,"comment_status":"closed","ping_status":"open","sticky":false,"template":"","format":"standard","meta":{"footnotes":""},"categories":[40,59],"tags":[],"class_list":["post-1597","post","type-post","status-publish","format-standard","hentry","category-news-for-poles","category-notices"],"_links":{"self":[{"href":"https:\/\/www.stmarys-tallaght.ie\/site\/wp-json\/wp\/v2\/posts\/1597","targetHints":{"allow":["GET"]}}],"collection":[{"href":"https:\/\/www.stmarys-tallaght.ie\/site\/wp-json\/wp\/v2\/posts"}],"about":[{"href":"https:\/\/www.stmarys-tallaght.ie\/site\/wp-json\/wp\/v2\/types\/post"}],"author":[{"embeddable":true,"href":"https:\/\/www.stmarys-tallaght.ie\/site\/wp-json\/wp\/v2\/users\/2"}],"replies":[{"embeddable":true,"href":"https:\/\/www.stmarys-tallaght.ie\/site\/wp-json\/wp\/v2\/comments?post=1597"}],"version-history":[{"count":1,"href":"https:\/\/www.stmarys-tallaght.ie\/site\/wp-json\/wp\/v2\/posts\/1597\/revisions"}],"predecessor-version":[{"id":1599,"href":"https:\/\/www.stmarys-tallaght.ie\/site\/wp-json\/wp\/v2\/posts\/1597\/revisions\/1599"}],"wp:attachment":[{"href":"https:\/\/www.stmarys-tallaght.ie\/site\/wp-json\/wp\/v2\/media?parent=1597"}],"wp:term":[{"taxonomy":"category","embeddable":true,"href":"https:\/\/www.stmarys-tallaght.ie\/site\/wp-json\/wp\/v2\/categories?post=1597"},{"taxonomy":"post_tag","embeddable":true,"href":"https:\/\/www.stmarys-tallaght.ie\/site\/wp-json\/wp\/v2\/tags?post=1597"}],"curies":[{"name":"wp","href":"https:\/\/api.w.org\/{rel}","templated":true}]}}