{"id":1103,"date":"2014-12-03T14:22:15","date_gmt":"2014-12-03T14:22:15","guid":{"rendered":"http:\/\/www.stmarys-tallaght.ie\/site\/?p=1103"},"modified":"2015-02-23T12:56:47","modified_gmt":"2015-02-23T12:56:47","slug":"adwent-boze-narodzenie-2014-advent-christmas-celebrations-poles","status":"publish","type":"post","link":"https:\/\/www.stmarys-tallaght.ie\/site\/adwent-boze-narodzenie-2014-advent-christmas-celebrations-poles\/","title":{"rendered":"Adwent i Bo\u017ce Narodzenie 2014 (Advent and Christmas Celebrations for Poles)"},"content":{"rendered":"<p style=\"text-align: justify;\" align=\"center\"><strong>Msze \u015bwi\u0119te w j\u0119zyku polskim<\/strong><\/p>\n<p style=\"text-align: justify;\" align=\"center\"><strong>w Adwencie:<\/strong><\/p>\n<p style=\"text-align: justify;\" align=\"center\">Niedziela, 7 grudnia o godz. 16.30<\/p>\n<p style=\"text-align: justify;\" align=\"center\">Niedziela, 21 grudnia o godz. 16.30<\/p>\n<p style=\"text-align: justify;\" align=\"center\"><strong>Wigilia Bo\u017cego Narodzenia, 24 grudnia o godz. 24.00 (Pasterka)<\/strong><!--more--><\/p>\n<p style=\"text-align: justify;\" align=\"center\"><strong>Bo\u017ce Narodzenie, 25 grudnia o godz. 16.30<\/strong><\/p>\n<p style=\"text-align: justify;\" align=\"center\">\u015aw Szczepana, 26 grudnia o godz. 11.00<\/p>\n<p style=\"text-align: justify;\" align=\"center\">\u00a0<\/p>\n<p style=\"text-align: justify;\" align=\"center\"><strong>Carol Service \u2013 Wiecz\u00f3r Kol\u0119dowy:<\/strong><\/p>\n<p style=\"text-align: justify;\" align=\"center\">Niedziela, 14 grudnia o godz. 16.00<\/p>\n<p style=\"text-align: justify;\" align=\"center\">\u00a0<\/p>\n<p style=\"text-align: justify;\" align=\"center\"><strong>Spowied\u017a przed\u015bwi\u0105teczna w j\u0119z polskim:<\/strong><\/p>\n<p style=\"text-align: justify;\" align=\"center\">Pi\u0105tek 19 grudnia, godz. 18.30-20.00<br \/> Sobota 20 grudnia, godz. 18.30-20.00<br \/>Wtorek, 23 grudnia, godz. 18.30-20.00<\/p>\n","protected":false},"excerpt":{"rendered":"<p>Msze \u015bwi\u0119te w j\u0119zyku polskim w Adwencie: Niedziela, 7 grudnia o godz. 16.30 Niedziela, 21 grudnia o godz. 16.30 Wigilia Bo\u017cego Narodzenia, 24 grudnia o godz. 24.00 (Pasterka)<\/p>\n","protected":false},"author":2,"featured_media":0,"comment_status":"closed","ping_status":"open","sticky":false,"template":"","format":"standard","meta":{"footnotes":""},"categories":[40,59],"tags":[],"class_list":["post-1103","post","type-post","status-publish","format-standard","hentry","category-news-for-poles","category-notices"],"_links":{"self":[{"href":"https:\/\/www.stmarys-tallaght.ie\/site\/wp-json\/wp\/v2\/posts\/1103","targetHints":{"allow":["GET"]}}],"collection":[{"href":"https:\/\/www.stmarys-tallaght.ie\/site\/wp-json\/wp\/v2\/posts"}],"about":[{"href":"https:\/\/www.stmarys-tallaght.ie\/site\/wp-json\/wp\/v2\/types\/post"}],"author":[{"embeddable":true,"href":"https:\/\/www.stmarys-tallaght.ie\/site\/wp-json\/wp\/v2\/users\/2"}],"replies":[{"embeddable":true,"href":"https:\/\/www.stmarys-tallaght.ie\/site\/wp-json\/wp\/v2\/comments?post=1103"}],"version-history":[{"count":3,"href":"https:\/\/www.stmarys-tallaght.ie\/site\/wp-json\/wp\/v2\/posts\/1103\/revisions"}],"predecessor-version":[{"id":1287,"href":"https:\/\/www.stmarys-tallaght.ie\/site\/wp-json\/wp\/v2\/posts\/1103\/revisions\/1287"}],"wp:attachment":[{"href":"https:\/\/www.stmarys-tallaght.ie\/site\/wp-json\/wp\/v2\/media?parent=1103"}],"wp:term":[{"taxonomy":"category","embeddable":true,"href":"https:\/\/www.stmarys-tallaght.ie\/site\/wp-json\/wp\/v2\/categories?post=1103"},{"taxonomy":"post_tag","embeddable":true,"href":"https:\/\/www.stmarys-tallaght.ie\/site\/wp-json\/wp\/v2\/tags?post=1103"}],"curies":[{"name":"wp","href":"https:\/\/api.w.org\/{rel}","templated":true}]}}